{"id":135,"date":"2019-02-20T16:17:26","date_gmt":"2019-02-20T15:17:26","guid":{"rendered":"http:\/\/architecturalpress.org\/?p=135"},"modified":"2019-05-20T16:33:13","modified_gmt":"2019-05-20T14:33:13","slug":"les-enjeux-theoriques-de-la-rehabilitation","status":"publish","type":"post","link":"https:\/\/architecturalpress.org\/index.php\/2019\/02\/20\/les-enjeux-theoriques-de-la-rehabilitation\/","title":{"rendered":"LES ENJEUX TH\u00c9ORIQUES de la R\u00c9HABILITATION"},"content":{"rendered":"\n<p><strong>Actes du 3e&nbsp;s\u00e9minaire du r\u00e9seau Architecture, Patrimoine et Cr\u00e9ation<br><\/strong><em>\u00c9cole nationale sup\u00e9rieure d\u2019architecture de Lyon 1er- 2 d\u00e9cembre 2016 <\/em><br><em>Sous la direction de Benjamin Chavard\u00e8s et de Philippe Dufieux<\/em><\/p>\n\n\n\n<p><\/p>\n\n\n\n<p>Depuis une trentaine d\u2019ann\u00e9es, le secteur de la r\u00e9habilitation s\u2019est impos\u00e9 comme un champ \u00e0 part enti\u00e8re de l\u2019acte de construire au point de repr\u00e9senter aujourd\u2019hui plus de la moiti\u00e9 du march\u00e9 de la construction. \u00c0 l\u2019heure o\u00f9 le cadre b\u00e2ti est de plus en plus sollicit\u00e9, ce troisi\u00e8me s\u00e9minaire se proposait d\u2019interroger l\u2019\u00e9tat des r\u00e9flexions th\u00e9oriques contemporaines en mati\u00e8re d\u2019intervention avec et sur l\u2019existant autour de trois th\u00e9matiques transversales: valeurs(s), \u00c9thique, int\u00e9grit\u00e9\/authenticit\u00e9.<\/p>\n\n\n\n<p>isbn : 9782490820009<\/p>\n","protected":false},"excerpt":{"rendered":"<p>Actes du 3e&nbsp;s\u00e9minaire du r\u00e9seau Architecture, Patrimoine et Cr\u00e9ation\u00c9cole nationale sup\u00e9rieure d\u2019architecture de Lyon 1er- 2 d\u00e9cembre 2016 Sous la direction de Benjamin Chavard\u00e8s et de Philippe Dufieux Depuis une trentaine d\u2019ann\u00e9es, le secteur de la r\u00e9habilitation s\u2019est impos\u00e9 comme un champ \u00e0 part enti\u00e8re de l\u2019acte de construire au point de repr\u00e9senter aujourd\u2019hui plus [&hellip;]<\/p>\n","protected":false},"author":1,"featured_media":136,"comment_status":"closed","ping_status":"open","sticky":false,"template":"","format":"standard","meta":{"_jetpack_memberships_contains_paid_content":false,"footnotes":""},"categories":[22,21],"tags":[],"class_list":["post-135","post","type-post","status-publish","format-standard","has-post-thumbnail","hentry","category-actes-de-colloque-seminaire","category-ouvrage-collectif"],"jetpack_featured_media_url":"https:\/\/i0.wp.com\/architecturalpress.org\/wp-content\/uploads\/2019\/05\/9782490820009_Couv-e1558361970113.jpg?fit=420%2C629&ssl=1","jetpack_sharing_enabled":true,"jetpack_shortlink":"https:\/\/wp.me\/paTzwY-2b","_links":{"self":[{"href":"https:\/\/architecturalpress.org\/index.php\/wp-json\/wp\/v2\/posts\/135","targetHints":{"allow":["GET"]}}],"collection":[{"href":"https:\/\/architecturalpress.org\/index.php\/wp-json\/wp\/v2\/posts"}],"about":[{"href":"https:\/\/architecturalpress.org\/index.php\/wp-json\/wp\/v2\/types\/post"}],"author":[{"embeddable":true,"href":"https:\/\/architecturalpress.org\/index.php\/wp-json\/wp\/v2\/users\/1"}],"replies":[{"embeddable":true,"href":"https:\/\/architecturalpress.org\/index.php\/wp-json\/wp\/v2\/comments?post=135"}],"version-history":[{"count":0,"href":"https:\/\/architecturalpress.org\/index.php\/wp-json\/wp\/v2\/posts\/135\/revisions"}],"wp:featuredmedia":[{"embeddable":true,"href":"https:\/\/architecturalpress.org\/index.php\/wp-json\/wp\/v2\/media\/136"}],"wp:attachment":[{"href":"https:\/\/architecturalpress.org\/index.php\/wp-json\/wp\/v2\/media?parent=135"}],"wp:term":[{"taxonomy":"category","embeddable":true,"href":"https:\/\/architecturalpress.org\/index.php\/wp-json\/wp\/v2\/categories?post=135"},{"taxonomy":"post_tag","embeddable":true,"href":"https:\/\/architecturalpress.org\/index.php\/wp-json\/wp\/v2\/tags?post=135"}],"curies":[{"name":"wp","href":"https:\/\/api.w.org\/{rel}","templated":true}]}}