{"id":183,"date":"2019-10-07T21:11:57","date_gmt":"2019-10-07T19:11:57","guid":{"rendered":"https:\/\/architecturalpress.org\/?p=183"},"modified":"2019-10-17T09:07:52","modified_gmt":"2019-10-17T07:07:52","slug":"les-livrets-du-semestre-1-2016-2019","status":"publish","type":"post","link":"https:\/\/architecturalpress.org\/index.php\/2019\/10\/07\/les-livrets-du-semestre-1-2016-2019\/","title":{"rendered":"Les livrets du semestre 1  &#8211;   2016-2019"},"content":{"rendered":"\n<p>Cette salve de livrets pr\u00e9sente les premiers travaux des \u00e9tudiants qui se sont engag\u00e9s dans les \u00e9tudes d\u2019architecture \u00e0 l\u2019ENSAL, pendant les ann\u00e9es universitaires 2016-2017, 2017-2018 et 2018-2019. Un volume \u00ab&nbsp;analyse architecturale&nbsp;\u00bb et un volume \u00ab&nbsp;atelier de projet&nbsp;\u00bb par ann\u00e9e.<\/p>\n\n\n\n<p>Cette s\u00e9rie t\u00e9moigne tout d\u2019abord de l\u2019engagement des \u00e9tudiants dans la d\u00e9couverte d\u2019une nouvelle discipline, dont la plupart ignore presque tout. Chacun arrive \u00e0 l\u2019\u00e9cole avec ses propres envies, ses propres motivations, ses propres intuitions, dans ce que l\u2019architecture peut lui offrir. Mais entre observer, visiter, pratiquer au quotidien des lieux construits, et concevoir&nbsp; ou inventer de nouveaux lieux \u00e0 habiter, avec la conscience qu\u2019ils pourront aussi transformer le paysage, mobiliser certaines ressources (mati\u00e8res, \u00e9nergies, savoirs-faire\u2026), procurer de nouvelles \u00e9motions \u2026 Il y a un chemin \u00e0 prendre avec d\u00e9termination.<\/p>\n\n\n\n<p><\/p>\n\n\n\n<div class=\"wp-block-file\"><a href=\"https:\/\/architecturalpress.org\/wp-content\/uploads\/2019\/10\/E111-analyse-2017.pdf\">2016-17 , volume 1 : analyse architecturale , semestre 1 &#8211; ISBN 978-2-490820-04-7&nbsp;<\/a><a href=\"https:\/\/architecturalpress.org\/wp-content\/uploads\/2019\/10\/E111-analyse-2017.pdf\" class=\"wp-block-file__button\" download>T\u00e9l\u00e9charger<\/a><\/div>\n\n\n\n<div class=\"wp-block-file\"><a href=\"https:\/\/architecturalpress.org\/wp-content\/uploads\/2019\/10\/E111-projet-2017.pdf\">2016-17 , volume 2 : atelier de projet , semestre 1 &#8211; ISBN 978-2-490820-05-4&nbsp;<\/a><a href=\"https:\/\/architecturalpress.org\/wp-content\/uploads\/2019\/10\/E111-projet-2017.pdf\" class=\"wp-block-file__button\" download>T\u00e9l\u00e9charger<\/a><\/div>\n\n\n\n<div class=\"wp-block-file\"><a href=\"https:\/\/architecturalpress.org\/wp-content\/uploads\/2019\/10\/E111-analyse-2018.pdf\">2017-18 , volume 1 : analyse architecturale , semestre 1 &#8211; ISBN 978-2-490820-06-1&nbsp;<\/a><a href=\"https:\/\/architecturalpress.org\/wp-content\/uploads\/2019\/10\/E111-analyse-2018.pdf\" class=\"wp-block-file__button\" download>T\u00e9l\u00e9charger<\/a><\/div>\n\n\n\n<div class=\"wp-block-file\"><a href=\"https:\/\/architecturalpress.org\/wp-content\/uploads\/2019\/10\/E111-projet-2018.pdf\">2017-18 , volume 2 : atelier de projet , semestre 1 &#8211; ISBN 978-2-490820-07-8&nbsp;<\/a><a href=\"https:\/\/architecturalpress.org\/wp-content\/uploads\/2019\/10\/E111-projet-2018.pdf\" class=\"wp-block-file__button\" download>T\u00e9l\u00e9charger<\/a><\/div>\n\n\n\n<div class=\"wp-block-file\"><a href=\"https:\/\/architecturalpress.org\/wp-content\/uploads\/2019\/10\/E111-analyse-2019.pdf\">2018-19 , volume 1 : analyse architecturale , semestre 1 &#8211; ISBN 978-2-490820-08-5&nbsp;<\/a><a href=\"https:\/\/architecturalpress.org\/wp-content\/uploads\/2019\/10\/E111-analyse-2019.pdf\" class=\"wp-block-file__button\" download>T\u00e9l\u00e9charger<\/a><\/div>\n\n\n\n<div class=\"wp-block-file\"><a href=\"https:\/\/architecturalpress.org\/wp-content\/uploads\/2019\/10\/E111-projet-2019.pdf\">2018-19 , volume 2 : atelier de projet , semestre 1 &#8211; ISBN 978-2-490820-09-2&nbsp;<\/a><a href=\"https:\/\/architecturalpress.org\/wp-content\/uploads\/2019\/10\/E111-projet-2019.pdf\" class=\"wp-block-file__button\" download>T\u00e9l\u00e9charger<\/a><\/div>\n\n\n\n<p><\/p>\n","protected":false},"excerpt":{"rendered":"<p>Cette salve de livrets pr\u00e9sente les premiers travaux des \u00e9tudiants qui se sont engag\u00e9s dans les \u00e9tudes d\u2019architecture \u00e0 l\u2019ENSAL, pendant les ann\u00e9es universitaires 2016-2017, 2017-2018 et 2018-2019. Un volume \u00ab&nbsp;analyse architecturale&nbsp;\u00bb et un volume \u00ab&nbsp;atelier de projet&nbsp;\u00bb par ann\u00e9e. Cette s\u00e9rie t\u00e9moigne tout d\u2019abord de l\u2019engagement des \u00e9tudiants dans la d\u00e9couverte d\u2019une nouvelle discipline, [&hellip;]<\/p>\n","protected":false},"author":1,"featured_media":196,"comment_status":"closed","ping_status":"open","sticky":false,"template":"","format":"standard","meta":{"_jetpack_memberships_contains_paid_content":false,"footnotes":""},"categories":[19],"tags":[],"class_list":["post-183","post","type-post","status-publish","format-standard","has-post-thumbnail","hentry","category-publication-telechargeable"],"jetpack_featured_media_url":"https:\/\/i0.wp.com\/architecturalpress.org\/wp-content\/uploads\/2019\/10\/Livret_S1_16-19_combi2.jpg?fit=1051%2C737&ssl=1","jetpack_sharing_enabled":true,"jetpack_shortlink":"https:\/\/wp.me\/paTzwY-2X","_links":{"self":[{"href":"https:\/\/architecturalpress.org\/index.php\/wp-json\/wp\/v2\/posts\/183","targetHints":{"allow":["GET"]}}],"collection":[{"href":"https:\/\/architecturalpress.org\/index.php\/wp-json\/wp\/v2\/posts"}],"about":[{"href":"https:\/\/architecturalpress.org\/index.php\/wp-json\/wp\/v2\/types\/post"}],"author":[{"embeddable":true,"href":"https:\/\/architecturalpress.org\/index.php\/wp-json\/wp\/v2\/users\/1"}],"replies":[{"embeddable":true,"href":"https:\/\/architecturalpress.org\/index.php\/wp-json\/wp\/v2\/comments?post=183"}],"version-history":[{"count":0,"href":"https:\/\/architecturalpress.org\/index.php\/wp-json\/wp\/v2\/posts\/183\/revisions"}],"wp:featuredmedia":[{"embeddable":true,"href":"https:\/\/architecturalpress.org\/index.php\/wp-json\/wp\/v2\/media\/196"}],"wp:attachment":[{"href":"https:\/\/architecturalpress.org\/index.php\/wp-json\/wp\/v2\/media?parent=183"}],"wp:term":[{"taxonomy":"category","embeddable":true,"href":"https:\/\/architecturalpress.org\/index.php\/wp-json\/wp\/v2\/categories?post=183"},{"taxonomy":"post_tag","embeddable":true,"href":"https:\/\/architecturalpress.org\/index.php\/wp-json\/wp\/v2\/tags?post=183"}],"curies":[{"name":"wp","href":"https:\/\/api.w.org\/{rel}","templated":true}]}}