{"id":2039,"date":"2020-04-13T21:21:44","date_gmt":"2020-04-13T19:21:44","guid":{"rendered":"https:\/\/architecturalpress.org\/?p=2039"},"modified":"2021-01-17T17:15:32","modified_gmt":"2021-01-17T16:15:32","slug":"le-risque-dhabiter-2016-19","status":"publish","type":"post","link":"https:\/\/architecturalpress.org\/index.php\/2020\/04\/13\/le-risque-dhabiter-2016-19\/","title":{"rendered":"Le risque d&rsquo;habiter, 2016-19"},"content":{"rendered":"\n<h3 class=\"wp-block-heading\"><strong>Entre Etang de Berre et Golfe de Fos-sur-Mer<\/strong><\/h3>\n\n\n\n<p>Travaux issus du domaine d\u2019\u00e9tudes en master \u00ab&nbsp;Architecture et transitions \u00e9co-constructives&nbsp;\u00bb &#8211; ATEC &#8211; de l\u2019Ecole nationale sup\u00e9rieure d\u2019architecture de Lyon &#8211; ENSAL.<br>Cet ouvrage rassemble les 62 projets de fin d\u2019\u00e9tudes d\u2019\u00e9tudiants du studio \u00ab&nbsp;le risque d\u2019habiter&nbsp;\u00bb qui durant trois ans ont \u00e9t\u00e9 le pr\u00e9texte pour explorer un territoire singulier entre Etang de Berre et Golfe de Fos-sur-Mer, \u00e0 l\u2019ouest de la m\u00e9tropole marseillaise. Ce milieu allie \u00e9tonnamment de nombreux paradoxes r\u00e9v\u00e9lateurs du monde actuel, entre industries p\u00e9trochimiques et natures sauvages ou artificielles, vie de quartier et zones pavillonnaires, municipalit\u00e9s aux dynamiques propres\u2026&nbsp;<br>Dans ce milieu couvert par des superpositions de p\u00e9rim\u00e8tres r\u00e9glementaires de tous ordres, o\u00f9 s\u2019empilent les normes comme probablement nulle part ailleurs, les \u00e9tudiants ont d\u00fb composer avec les r\u00e9alit\u00e9s du milieu pour projeter des architectures qui fassent sens ici. Ils ont voulu cet ouvrage d\u2019architectures imagin\u00e9 comme un guide pour que les habitu\u00e9s de ces lieux puissent eux-m\u00eames projeter leur milieu dans les nouveaux paradigmes qui s\u2019ouvrent \u00e0 tous.<\/p>\n\n\n\n<p><em>Pour le domaine d\u2019\u00e9tudes de master Architecture et transitions \u00e9co-constructives de l\u2019Ecole nationale sup\u00e9rieure d\u2019architecture de Lyon<br>Sous la coordination de Boris Roueff  \/  Conception graphique et r\u00e9alisation : Romane Guillou et Lisa Lamotte. Les textes et illustrations n\u2019engagent que leurs auteurs respectifs.<br>D\u00e9p\u00f4t l\u00e9gal : avril 2020  \/  ISBN : 978-2-490820-10-8  \/ distribution num\u00e9rique<\/em><\/p>\n\n\n\n<div class=\"wp-block-file\"><a href=\"https:\/\/architecturalpress.org\/wp-content\/uploads\/2020\/04\/LeRisqueDHabiter_16-19_9782490820108_Q300-C.pdf\" target=\"_blank\" rel=\"noreferrer noopener\">LeRisqueDHabiter_16-19_9782490820108_Q300-C<\/a><a href=\"https:\/\/architecturalpress.org\/wp-content\/uploads\/2020\/04\/LeRisqueDHabiter_16-19_9782490820108_Q300-C.pdf\" class=\"wp-block-file__button\" download>T\u00e9l\u00e9charger<\/a><\/div>\n\n\n\n<p><\/p>\n","protected":false},"excerpt":{"rendered":"<p>Entre Etang de Berre et Golfe de Fos-sur-Mer Travaux issus du domaine d\u2019\u00e9tudes en master \u00ab&nbsp;Architecture et transitions \u00e9co-constructives&nbsp;\u00bb &#8211; ATEC &#8211; de l\u2019Ecole nationale sup\u00e9rieure d\u2019architecture de Lyon &#8211; ENSAL.Cet ouvrage rassemble les 62 projets de fin d\u2019\u00e9tudes d\u2019\u00e9tudiants du studio \u00ab&nbsp;le risque d\u2019habiter&nbsp;\u00bb qui durant trois ans ont \u00e9t\u00e9 le pr\u00e9texte pour explorer [&hellip;]<\/p>\n","protected":false},"author":1,"featured_media":2035,"comment_status":"closed","ping_status":"open","sticky":false,"template":"","format":"standard","meta":{"_jetpack_memberships_contains_paid_content":false,"footnotes":""},"categories":[21,19],"tags":[],"class_list":["post-2039","post","type-post","status-publish","format-standard","has-post-thumbnail","hentry","category-ouvrage-collectif","category-publication-telechargeable"],"jetpack_featured_media_url":"https:\/\/i0.wp.com\/architecturalpress.org\/wp-content\/uploads\/2020\/04\/LeRisqueDHabiter_16-19_9782490820108_Q300-scaled-e1586805997360.jpg?fit=420%2C594&ssl=1","jetpack_sharing_enabled":true,"jetpack_shortlink":"https:\/\/wp.me\/paTzwY-wT","_links":{"self":[{"href":"https:\/\/architecturalpress.org\/index.php\/wp-json\/wp\/v2\/posts\/2039","targetHints":{"allow":["GET"]}}],"collection":[{"href":"https:\/\/architecturalpress.org\/index.php\/wp-json\/wp\/v2\/posts"}],"about":[{"href":"https:\/\/architecturalpress.org\/index.php\/wp-json\/wp\/v2\/types\/post"}],"author":[{"embeddable":true,"href":"https:\/\/architecturalpress.org\/index.php\/wp-json\/wp\/v2\/users\/1"}],"replies":[{"embeddable":true,"href":"https:\/\/architecturalpress.org\/index.php\/wp-json\/wp\/v2\/comments?post=2039"}],"version-history":[{"count":0,"href":"https:\/\/architecturalpress.org\/index.php\/wp-json\/wp\/v2\/posts\/2039\/revisions"}],"wp:featuredmedia":[{"embeddable":true,"href":"https:\/\/architecturalpress.org\/index.php\/wp-json\/wp\/v2\/media\/2035"}],"wp:attachment":[{"href":"https:\/\/architecturalpress.org\/index.php\/wp-json\/wp\/v2\/media?parent=2039"}],"wp:term":[{"taxonomy":"category","embeddable":true,"href":"https:\/\/architecturalpress.org\/index.php\/wp-json\/wp\/v2\/categories?post=2039"},{"taxonomy":"post_tag","embeddable":true,"href":"https:\/\/architecturalpress.org\/index.php\/wp-json\/wp\/v2\/tags?post=2039"}],"curies":[{"name":"wp","href":"https:\/\/api.w.org\/{rel}","templated":true}]}}